{"id":2132,"date":"2014-01-09T11:14:26","date_gmt":"2014-01-09T10:14:26","guid":{"rendered":"https:\/\/www.wandtattoos.de\/magazin\/?p=2132"},"modified":"2019-01-31T12:17:59","modified_gmt":"2019-01-31T11:17:59","slug":"neues-wandtattoos-de-firmengebaeude-entsteht","status":"publish","type":"post","link":"https:\/\/www.wandtattoos.de\/magazin\/news\/neues-wandtattoos-de-firmengebaeude-entsteht\/","title":{"rendered":"Neues Wandtattoos.de Firmengeb\u00e4ude entsteht"},"content":{"rendered":"<p>Wandtattoos.de erh\u00e4lt noch in diesem Jahr eine neue Heimat. Die Bauarbeiten f\u00fcr unser neues Firmengeb\u00e4ude haben nach einer einj\u00e4hrigen Planungsphase im Januar begonnen.<\/p>\n<div id=\"attachment_2133\" style=\"width: 482px\" class=\"wp-caption aligncenter\"><a href=\"https:\/\/www.wandtattoos.de\/magazin\/wp-content\/uploads\/2015\/02\/wandtattoos-gebaeude.jpg\"><img loading=\"lazy\" decoding=\"async\" aria-describedby=\"caption-attachment-2133\" class=\"size-full wp-image-2133\" src=\"https:\/\/www.wandtattoos.de\/magazin\/wp-content\/uploads\/2015\/02\/wandtattoos-gebaeude.jpg\" alt=\"Wandtattoos.de Firmengeb\u00e4ude\" width=\"472\" height=\"354\" srcset=\"https:\/\/www.wandtattoos.de\/magazin\/wp-content\/uploads\/2015\/02\/wandtattoos-gebaeude.jpg 472w, https:\/\/www.wandtattoos.de\/magazin\/wp-content\/uploads\/2015\/02\/wandtattoos-gebaeude-300x225.jpg 300w, https:\/\/www.wandtattoos.de\/magazin\/wp-content\/uploads\/2015\/02\/wandtattoos-gebaeude-290x218.jpg 290w\" sizes=\"(max-width: 472px) 100vw, 472px\" \/><\/a><p id=\"caption-attachment-2133\" class=\"wp-caption-text\">Neues Wandtattoos.de Firmengeb\u00e4ude<\/p><\/div>\n<p>Entworfen wurde das Geb\u00e4ude vom Designscape-Gesch\u00e4ftsf\u00fchrer Nicolas Woll. Die Planung, Ausschreibung und Bauleitung \u00fcbernimmt das Architekturb\u00fcro Peter Heinz aus Tholey. Der Auftrag zur schl\u00fcsselfertigen Herstellung des Geb\u00e4udes wurde an die Bilfinger Modernbau GmbH aus Saarbr\u00fccken vergeben.<\/p>\n<p>Das Geb\u00e4ude bietet auf \u00fcber 1.000 m\u00b2 alle erforderlichen Eigenschaften, die f\u00fcr die professionelle Herstellung unserer Wandtattoos ben\u00f6tigt werden. Helle und gut bel\u00fcftete R\u00e4ume sorgen f\u00fcr angenehmes Arbeiten. Dank modernster Technik und der energieeffizienten Bauweise passt sich das Geb\u00e4ude den klimatischen Einfl\u00fcssen optimal an. Im Sommer verschatten die markanten Dach\u00fcberst\u00e4nde das Geb\u00e4ude, w\u00e4hrend im Winter \u00fcber die gro\u00dfen Glasfl\u00e4chen Sonnenw\u00e4rme aufgenommen werden kann.<\/p>\n<p>Die Liebe zum Detail und die ausgiebige Planung machen das Geb\u00e4ude einzigartig. Die Fertigstellung ist f\u00fcr Herbst 2014 vorgesehen, so dass noch in diesem Jahr Wandtattoos in dem Geb\u00e4ude produziert werden.<\/p>\n","protected":false},"excerpt":{"rendered":"<p>Wandtattoos.de erh\u00e4lt noch in diesem Jahr eine neue Heimat. Die Bauarbeiten f\u00fcr unser neues Firmengeb\u00e4ude haben nach einer einj\u00e4hrigen Planungsphase im Januar begonnen. Entworfen wurde das Geb\u00e4ude vom Designscape-Gesch\u00e4ftsf\u00fchrer Nicolas Woll. Die Planung, Ausschreibung und Bauleitung \u00fcbernimmt das Architekturb\u00fcro Peter Heinz aus Tholey. Der Auftrag zur schl\u00fcsselfertigen Herstellung des Geb\u00e4udes wurde an die Bilfinger Modernbau&hellip;<\/p>\n","protected":false},"author":1,"featured_media":49708,"comment_status":"open","ping_status":"open","sticky":false,"template":"","format":"standard","meta":{"footnotes":""},"categories":[299],"tags":[],"aioseo_notices":[],"_links":{"self":[{"href":"https:\/\/www.wandtattoos.de\/magazin\/wp-json\/wp\/v2\/posts\/2132"}],"collection":[{"href":"https:\/\/www.wandtattoos.de\/magazin\/wp-json\/wp\/v2\/posts"}],"about":[{"href":"https:\/\/www.wandtattoos.de\/magazin\/wp-json\/wp\/v2\/types\/post"}],"author":[{"embeddable":true,"href":"https:\/\/www.wandtattoos.de\/magazin\/wp-json\/wp\/v2\/users\/1"}],"replies":[{"embeddable":true,"href":"https:\/\/www.wandtattoos.de\/magazin\/wp-json\/wp\/v2\/comments?post=2132"}],"version-history":[{"count":0,"href":"https:\/\/www.wandtattoos.de\/magazin\/wp-json\/wp\/v2\/posts\/2132\/revisions"}],"wp:featuredmedia":[{"embeddable":true,"href":"https:\/\/www.wandtattoos.de\/magazin\/wp-json\/wp\/v2\/media\/49708"}],"wp:attachment":[{"href":"https:\/\/www.wandtattoos.de\/magazin\/wp-json\/wp\/v2\/media?parent=2132"}],"wp:term":[{"taxonomy":"category","embeddable":true,"href":"https:\/\/www.wandtattoos.de\/magazin\/wp-json\/wp\/v2\/categories?post=2132"},{"taxonomy":"post_tag","embeddable":true,"href":"https:\/\/www.wandtattoos.de\/magazin\/wp-json\/wp\/v2\/tags?post=2132"}],"curies":[{"name":"wp","href":"https:\/\/api.w.org\/{rel}","templated":true}]}}