{"id":1382,"date":"2011-08-05T10:37:28","date_gmt":"2011-08-05T09:37:28","guid":{"rendered":"https:\/\/www.wandtattoos.de\/magazin\/?p=1382"},"modified":"2012-01-24T10:09:39","modified_gmt":"2012-01-24T09:09:39","slug":"wandtattoos-de-im-neuen-outfit","status":"publish","type":"post","link":"https:\/\/www.wandtattoos.de\/magazin\/news\/wandtattoos-de-im-neuen-outfit\/","title":{"rendered":"Wandtattoos.de im neuen Outfit"},"content":{"rendered":"<p style=\"text-align: justify;\">Es ist soweit: Nach viel Planung, Zeit und Arbeit ist nun der neue Auftritt von Wandtattoos.de am Start.<\/p>\n<p style=\"text-align: justify;\">Neben dem komplett neuen Layout haben wir auch das ein oder andere neue Feature nachger\u00fcstet, um das St\u00f6bern und Einkaufen in unserem Shop noch angenehmer und einfacher zu machen.<\/p>\n<p style=\"text-align: center;\"><a href=\"https:\/\/www.wandtattoos.de\/magazin\/wp-content\/uploads\/2011\/08\/screenshot-wandtattoos.jpg\"><img loading=\"lazy\" decoding=\"async\" class=\"aligncenter size-full wp-image-1404\" title=\"Wandtattoos.de Screenshot\" src=\"https:\/\/www.wandtattoos.de\/magazin\/wp-content\/uploads\/2011\/08\/screenshot-wandtattoos.jpg\" alt=\"Wandtattoos.de Screenshot\" width=\"500\" height=\"434\" srcset=\"https:\/\/www.wandtattoos.de\/magazin\/wp-content\/uploads\/2011\/08\/screenshot-wandtattoos.jpg 500w, https:\/\/www.wandtattoos.de\/magazin\/wp-content\/uploads\/2011\/08\/screenshot-wandtattoos-300x260.jpg 300w\" sizes=\"(max-width: 500px) 100vw, 500px\" \/><\/a><\/p>\n<h3 style=\"text-align: justify;\">Doch zuerst einmal ein paar S\u00e4tze zur neuen Optik:<\/h3>\n<p style=\"text-align: justify;\">Die neue Farbgestaltung spricht nat\u00fcrlich schon auf den ersten Blick f\u00fcr sich selbst.\u00a0 Ziel war eine hellere, leichtere Farbgebung und wir finden, diese Ziel haben wir mehr als erreicht \ud83d\ude09<br \/>\nLeuchtende Farben und witzige Details sorgen f\u00fcr Akzente ohne dabei zu mangelnder \u00dcbersicht im Shop zu f\u00fchren oder gar die Seite \u00fcberladen wirken zu lassen.<\/p>\n<p style=\"text-align: justify;\">Wie gewohnt finden Sie unsere Produkte schnell und \u00fcbersichtlich ohne Umwege \u00fcber die klar strukturierte Navigation!<\/p>\n<p style=\"text-align: justify;\">Zus\u00e4tzlich pr\u00e4sentieren wir Ihnen nun bereits auf der Startseite unsere aktuellsten Motive und auch im Shop werden neue Produkte nun gut sichtbar mit einer Markierung als neu gekennzeichnet.<\/p>\n<p style=\"text-align: justify;\">Neu ist auch die Navigation nach R\u00e4umen, die Sie direkt oben auf der Seite finden. Hier pr\u00e4sentieren wir Ihnen jeweils eine Auswahl an passenden Motiven f\u00fcr Wohnzimmer, Schlafzimmer, Essplatz, K\u00fcche, Bad, Flur und Kinderzimmer.<\/p>\n<h3 style=\"text-align: justify;\">Neben den optischen Ver\u00e4nderungen sind allerdings auch neue Funktionen in der Produktansicht dazugekommen.<\/h3>\n<p style=\"text-align: justify;\">Unsere Produktbilder sind noch gr\u00f6\u00dfer geworden, so dass Sie die Details der Motive noch besser erkennen k\u00f6nnen und zus\u00e4tzlich zu den beiden altbekannten Detailansichten gibt es nun eine dritte, die Ihnen die M\u00f6glichkeit bietet, sich Ihr Wandtattoo Motiv schon vorab in der gew\u00fcnschten Farbe anzeigen zu lassen.<\/p>\n<p style=\"text-align: justify;\">Mit einem Klick auf &#8222;Farbe w\u00e4hlen&#8220; \u00f6ffnet sich die Motivansicht zusammen mit einer Farbpalette, aus der Sie Ihre Wunschfarbe ausw\u00e4hlen und nat\u00fcrlich immer wieder beliebig \u00e4ndern k\u00f6nnen.<\/p>\n<p style=\"text-align: justify;\">Wenn Sie das Wandtattoo dann in den Warenkorb legen, wird automatisch die aktuell gew\u00e4hlte Farbe \u00fcbernommen.<\/p>\n<p style=\"text-align: justify;\">Nat\u00fcrlich sind alle bereits vorhandenen Funktionen erhalten geblieben und auch Kundendaten und Logindaten \u00e4ndert sich nat\u00fclich nichts.<br \/>\nBestellung, Bezahlung und Kontakt sind nat\u00fcrlich ebenfalls weiterhin ebenso problemlos wie schon vor dem Relaunch.<\/p>\n<p style=\"text-align: justify;\">Wir hoffen, dass das neue Outfit von Wandtattoos.de bei Ihnen ebenso gut ankommt, wie bei unserem Team und w\u00fcnschen viel Spa\u00df beim St\u00f6bern auf unseren neuen Seiten und Testen der zus\u00e4tzlichen Funktionalit\u00e4ten.<\/p>\n<p style=\"text-align: justify;\"><em>Ihr Team von Wandtattoos.de<\/em><\/p>\n<p style=\"text-align: justify;\">\n","protected":false},"excerpt":{"rendered":"<p>Es ist soweit: Nach viel Planung, Zeit und Arbeit ist nun der neue Auftritt von Wandtattoos.de am Start. Neben dem komplett neuen Layout haben wir auch das ein oder andere neue Feature nachger\u00fcstet, um das St\u00f6bern und Einkaufen in unserem Shop noch angenehmer und einfacher zu machen. Doch zuerst einmal ein paar S\u00e4tze zur neuen&hellip;<\/p>\n","protected":false},"author":12,"featured_media":1404,"comment_status":"open","ping_status":"open","sticky":false,"template":"","format":"standard","meta":{"footnotes":""},"categories":[299],"tags":[298,296,295,297,294,293,292],"aioseo_notices":[],"_links":{"self":[{"href":"https:\/\/www.wandtattoos.de\/magazin\/wp-json\/wp\/v2\/posts\/1382"}],"collection":[{"href":"https:\/\/www.wandtattoos.de\/magazin\/wp-json\/wp\/v2\/posts"}],"about":[{"href":"https:\/\/www.wandtattoos.de\/magazin\/wp-json\/wp\/v2\/types\/post"}],"author":[{"embeddable":true,"href":"https:\/\/www.wandtattoos.de\/magazin\/wp-json\/wp\/v2\/users\/12"}],"replies":[{"embeddable":true,"href":"https:\/\/www.wandtattoos.de\/magazin\/wp-json\/wp\/v2\/comments?post=1382"}],"version-history":[{"count":0,"href":"https:\/\/www.wandtattoos.de\/magazin\/wp-json\/wp\/v2\/posts\/1382\/revisions"}],"wp:featuredmedia":[{"embeddable":true,"href":"https:\/\/www.wandtattoos.de\/magazin\/wp-json\/wp\/v2\/media\/1404"}],"wp:attachment":[{"href":"https:\/\/www.wandtattoos.de\/magazin\/wp-json\/wp\/v2\/media?parent=1382"}],"wp:term":[{"taxonomy":"category","embeddable":true,"href":"https:\/\/www.wandtattoos.de\/magazin\/wp-json\/wp\/v2\/categories?post=1382"},{"taxonomy":"post_tag","embeddable":true,"href":"https:\/\/www.wandtattoos.de\/magazin\/wp-json\/wp\/v2\/tags?post=1382"}],"curies":[{"name":"wp","href":"https:\/\/api.w.org\/{rel}","templated":true}]}}